{"id":5554,"date":"2026-09-01T14:34:44","date_gmt":"2026-09-01T12:34:44","guid":{"rendered":"https:\/\/www.enginyeriacivil.cat\/?p=5554"},"modified":"2026-09-03T11:11:40","modified_gmt":"2026-09-03T09:11:40","slug":"nou-postgrau-en-lean-construction-i-gestio-avancada-de-projectes","status":"publish","type":"post","link":"https:\/\/www.enginyeriacivil.cat\/es\/nou-postgrau-en-lean-construction-i-gestio-avancada-de-projectes\/","title":{"rendered":"Nou postgrau en Lean Construction i Gesti\u00f3 Avan\u00e7ada de Projectes"},"content":{"rendered":"<h3><strong>La formaci\u00f3, impulsada per CALAF Constructora, el Cateb i l\u2019ITeC, ofereix eines i metodologies avan\u00e7ades per millorar la gesti\u00f3 i l\u2019efici\u00e8ncia dels projectes de construcci\u00f3.<\/strong><\/h3>\n<p><em>Barcelona, 1 de setembre de 2026.<\/em><\/p>\n<p>El <strong>2 d\u2019octubre de 2026<\/strong> s\u2019inicia la primera edici\u00f3 del <strong>Postgrau en Lean Construction i Gesti\u00f3 Avan\u00e7ada de Projectes<\/strong>, una formaci\u00f3 orientada a professionals que volen millorar la planificaci\u00f3, la productivitat i la gesti\u00f3 dels projectes d\u2019obra.<\/p>\n<h4>Qu\u00e8 s\u2019hi treballar\u00e0?<\/h4>\n<p class=\"PDq2pG_selectionAnchorContainer\" data-start=\"713\" data-end=\"1019\">El programa combina els fonaments del <strong data-start=\"751\" data-end=\"772\">Lean Construction<\/strong> amb metodologies de planificaci\u00f3, producci\u00f3 i gesti\u00f3 col\u00b7laborativa de projectes. S\u2019hi treballaran eines com el <strong data-start=\"885\" data-end=\"976\">Last Planner System (LPS), Target Value Design (TVD), Integrated Project Delivery (IPD)<\/strong> i <strong data-start=\"979\" data-end=\"1018\">Virtual Design &amp; Construction (VDC)<\/strong>.<\/p>\n<p data-start=\"1021\" data-end=\"1359\">La formaci\u00f3 tamb\u00e9 aborda la integraci\u00f3 de noves eines digitals aplicades a la gesti\u00f3 de projectes, com el <strong data-start=\"1127\" data-end=\"1218\">BIM, la intel\u00b7lig\u00e8ncia artificial, els bessons digitals i l\u2019automatitzaci\u00f3 de processos<\/strong>, aix\u00ed com aspectes vinculats a la <strong data-start=\"1253\" data-end=\"1358\">millora cont\u00ednua, la presa de decisions basada en valor i la transformaci\u00f3 Lean de les organitzacions<\/strong>.<\/p>\n<p data-start=\"1361\" data-end=\"1555\">El programa inclou, a m\u00e9s, una <strong data-start=\"1392\" data-end=\"1421\">visita t\u00e8cnica a una obra<\/strong> per observar l\u2019aplicaci\u00f3 del Lean Construction en un projecte real i el desenvolupament d\u2019un <strong data-start=\"1515\" data-end=\"1554\">projecte final d\u2019aplicaci\u00f3 pr\u00e0ctica<\/strong>.<\/p>\n<h4><strong>Metodologia i professorat\u00a0\u00a0\u00a0\u00a0\u00a0\u00a0\u00a0\u00a0\u00a0\u00a0\u00a0\u00a0\u00a0\u00a0\u00a0\u00a0\u00a0\u00a0\u00a0\u00a0\u00a0\u00a0\u00a0\u00a0\u00a0\u00a0\u00a0\u00a0\u00a0\u00a0\u00a0\u00a0\u00a0\u00a0\u00a0\u00a0\u00a0\u00a0\u00a0\u00a0\u00a0\u00a0\u00a0\u00a0\u00a0\u00a0\u00a0\u00a0\u00a0\u00a0\u00a0\u00a0\u00a0 <\/strong><\/h4>\n<p><strong>Casos reals i professionals en actiu<\/strong><\/p>\n<p class=\"PDq2pG_selectionAnchorContainer\" data-start=\"1588\" data-end=\"1779\">Les sessions combinaran continguts te\u00f2rics amb <strong data-start=\"1635\" data-end=\"1687\">casos reals i experi\u00e8ncies pr\u00e0ctiques del sector<\/strong> i comptaran amb un equip docent nacional i internacional format per professionals en actiu.<\/p>\n<p data-start=\"1781\" data-end=\"1948\">La formaci\u00f3 tindr\u00e0 una durada de <strong data-start=\"1814\" data-end=\"1826\">80 hores<\/strong> i es desenvolupar\u00e0 en <strong data-start=\"1849\" data-end=\"1866\">format h\u00edbrid<\/strong>, amb sessions presencials al Cateb, a Barcelona, i sessions per videoconfer\u00e8ncia.<\/p>\n<p class=\"fusion-responsive-typography-calculated\" data-fontsize=\"19\" data-lineheight=\"24.7px\"><strong>Direcci\u00f3 Acad\u00e8mica: <\/strong>Jos\u00e9 Luis Salvatierra, PhD.<\/p>\n<h4><strong>Fitxa r\u00e0pida<\/strong><\/h4>\n<p><strong>Inici:<\/strong> 2 d\u2019octubre de 2026<br \/>\n<strong>Finalitzaci\u00f3:<\/strong> 12 de febrer de 2027<br \/>\n<strong>Durada:<\/strong> 80 hores<br \/>\n<strong>Modalitat:<\/strong> semipresencial. Presencial: divendres 9 a 13 h. Online: divendres 15 a 17h<br \/>\n<strong>Idioma:<\/strong> castell\u00e0<\/p>\n<h4><strong>M\u00e9s informaci\u00f3 i inscripcions<\/strong><\/h4>\n<p>Consulta tot el programa i formalitza la inscripci\u00f3 a trav\u00e9s del Cateb:<\/p>\n<p><strong>\ud83d\udcdd <a href=\"https:\/\/www.cateb.cat\/courses\/postgrau-lean-construction-i-gestio-avancada-de-projectes\/?utm_source=itec&amp;utm_medium=banner&amp;utm_campaign=formacio_lean\">Inscriu-t&#8217;hi<\/a><\/strong><\/p>\n<p><strong>Organitzat\u00a0<\/strong><\/p>\n<p>CALAF Constructora, Cateb i ITeC.<\/p>","protected":false},"excerpt":{"rendered":"<p>La formaci\u00f3, impulsada per CALAF Constructora, el Cateb i l\u2019ITeC, ofereix eines i metodologies avan\u00e7ades per millorar la gesti\u00f3 i l\u2019efici\u00e8ncia dels projectes de construcci\u00f3. Barcelona, 1 de setembre de 2026. El 2 d\u2019octubre de 2026 s\u2019inicia la primera edici\u00f3 del Postgrau en Lean Construction i Gesti\u00f3 Avan\u00e7ada de Projectes, una formaci\u00f3 orientada a professionals que volen millorar la planificaci\u00f3, la productivitat i la gesti\u00f3 dels projectes d\u2019obra. Qu\u00e8 s\u2019hi treballar\u00e0? El programa combina els fonaments del Lean Construction amb metodologies de planificaci\u00f3, producci\u00f3 i gesti\u00f3 col\u00b7laborativa de projectes. S\u2019hi treballaran eines com el Last Planner System (LPS), Target Value Design <a href=\"https:\/\/www.enginyeriacivil.cat\/es\/nou-postgrau-en-lean-construction-i-gestio-avancada-de-projectes\/\"> [&#8230;]<\/a><\/p>\n","protected":false},"author":5,"featured_media":0,"comment_status":"closed","ping_status":"closed","sticky":false,"template":"","format":"standard","meta":{"footnotes":""},"categories":[1],"tags":[],"class_list":["post-5554","post","type-post","status-publish","format-standard","hentry","category-sin-categoria"],"yoast_head":"<!-- This site is optimized with the Yoast SEO plugin v28.4 - https:\/\/yoast.com\/product\/yoast-seo-wordpress\/ -->\n<title>Nou postgrau en Lean Construction i Gesti\u00f3 Avan\u00e7ada de Projectes - ECCAT<\/title>\n<meta name=\"description\" content=\"Col\u00b7legi de l&#039;Enginyeria T\u00e8cnica d&#039;Obres P\u00fabliques i de l&#039;Enginyeria Civil de Catalunya\" \/>\n<meta name=\"robots\" content=\"index, follow, max-snippet:-1, max-image-preview:large, max-video-preview:-1\" \/>\n<link rel=\"canonical\" href=\"https:\/\/www.enginyeriacivil.cat\/es\/nou-postgrau-en-lean-construction-i-gestio-avancada-de-projectes\/\" \/>\n<meta property=\"og:locale\" content=\"es_ES\" \/>\n<meta property=\"og:type\" content=\"article\" \/>\n<meta property=\"og:title\" content=\"Nou postgrau en Lean Construction i Gesti\u00f3 Avan\u00e7ada de Projectes - ECCAT\" \/>\n<meta property=\"og:description\" content=\"Col\u00b7legi de l&#039;Enginyeria T\u00e8cnica d&#039;Obres P\u00fabliques i de l&#039;Enginyeria Civil de Catalunya\" \/>\n<meta property=\"og:url\" content=\"https:\/\/www.enginyeriacivil.cat\/es\/nou-postgrau-en-lean-construction-i-gestio-avancada-de-projectes\/\" \/>\n<meta property=\"og:site_name\" content=\"ECCAT\" \/>\n<meta property=\"article:published_time\" content=\"2026-09-01T12:34:44+00:00\" \/>\n<meta property=\"article:modified_time\" content=\"2026-09-03T09:11:40+00:00\" \/>\n<meta property=\"og:image\" content=\"https:\/\/www.enginyeriacivil.cat\/wp-content\/uploads\/2024\/07\/EC-CAT-Logo1200x775.jpg\" \/>\n\t<meta property=\"og:image:width\" content=\"1200\" \/>\n\t<meta property=\"og:image:height\" content=\"750\" \/>\n\t<meta property=\"og:image:type\" content=\"image\/jpeg\" \/>\n<meta name=\"author\" content=\"M\u00edriam\" \/>\n<meta name=\"twitter:card\" content=\"summary_large_image\" \/>\n<meta name=\"twitter:label1\" content=\"Escrito por\" \/>\n\t<meta name=\"twitter:data1\" content=\"M\u00edriam\" \/>\n\t<meta name=\"twitter:label2\" content=\"Tiempo de lectura\" \/>\n\t<meta name=\"twitter:data2\" content=\"2 minutos\" \/>\n<script type=\"application\/ld+json\" class=\"yoast-schema-graph\">{\"@context\":\"https:\\\/\\\/schema.org\",\"@graph\":[{\"@type\":\"Article\",\"@id\":\"https:\\\/\\\/www.enginyeriacivil.cat\\\/nou-postgrau-en-lean-construction-i-gestio-avancada-de-projectes\\\/#article\",\"isPartOf\":{\"@id\":\"https:\\\/\\\/www.enginyeriacivil.cat\\\/nou-postgrau-en-lean-construction-i-gestio-avancada-de-projectes\\\/\"},\"author\":{\"name\":\"M\u00edriam\",\"@id\":\"https:\\\/\\\/www.enginyeriacivil.cat\\\/#\\\/schema\\\/person\\\/9aa29fc6996121d2bb6d27c0284d18ba\"},\"headline\":\"Nou postgrau en Lean Construction i Gesti\u00f3 Avan\u00e7ada de Projectes\",\"datePublished\":\"2026-09-01T12:34:44+00:00\",\"dateModified\":\"2026-09-03T09:11:40+00:00\",\"mainEntityOfPage\":{\"@id\":\"https:\\\/\\\/www.enginyeriacivil.cat\\\/nou-postgrau-en-lean-construction-i-gestio-avancada-de-projectes\\\/\"},\"wordCount\":343,\"publisher\":{\"@id\":\"https:\\\/\\\/www.enginyeriacivil.cat\\\/#organization\"},\"inLanguage\":\"es\"},{\"@type\":\"WebPage\",\"@id\":\"https:\\\/\\\/www.enginyeriacivil.cat\\\/nou-postgrau-en-lean-construction-i-gestio-avancada-de-projectes\\\/\",\"url\":\"https:\\\/\\\/www.enginyeriacivil.cat\\\/nou-postgrau-en-lean-construction-i-gestio-avancada-de-projectes\\\/\",\"name\":\"Nou postgrau en Lean Construction i Gesti\u00f3 Avan\u00e7ada de Projectes - ECCAT\",\"isPartOf\":{\"@id\":\"https:\\\/\\\/www.enginyeriacivil.cat\\\/#website\"},\"datePublished\":\"2026-09-01T12:34:44+00:00\",\"dateModified\":\"2026-09-03T09:11:40+00:00\",\"description\":\"Col\u00b7legi de l&#039;Enginyeria T\u00e8cnica d&#039;Obres P\u00fabliques i de l&#039;Enginyeria Civil de Catalunya\",\"breadcrumb\":{\"@id\":\"https:\\\/\\\/www.enginyeriacivil.cat\\\/nou-postgrau-en-lean-construction-i-gestio-avancada-de-projectes\\\/#breadcrumb\"},\"inLanguage\":\"es\",\"potentialAction\":[{\"@type\":\"ReadAction\",\"target\":[\"https:\\\/\\\/www.enginyeriacivil.cat\\\/nou-postgrau-en-lean-construction-i-gestio-avancada-de-projectes\\\/\"]}]},{\"@type\":\"BreadcrumbList\",\"@id\":\"https:\\\/\\\/www.enginyeriacivil.cat\\\/nou-postgrau-en-lean-construction-i-gestio-avancada-de-projectes\\\/#breadcrumb\",\"itemListElement\":[{\"@type\":\"ListItem\",\"position\":1,\"name\":\"Portada\",\"item\":\"https:\\\/\\\/www.enginyeriacivil.cat\\\/\"},{\"@type\":\"ListItem\",\"position\":2,\"name\":\"Nou postgrau en Lean Construction i Gesti\u00f3 Avan\u00e7ada de Projectes\"}]},{\"@type\":\"WebSite\",\"@id\":\"https:\\\/\\\/www.enginyeriacivil.cat\\\/#website\",\"url\":\"https:\\\/\\\/www.enginyeriacivil.cat\\\/\",\"name\":\"ECCAT\",\"description\":\"Col\u00b7legi de l&#039;Enginyeria T\u00e8cnica d&#039;Obres P\u00fabliques i de l&#039;Enginyeria Civil de Catalunya\",\"publisher\":{\"@id\":\"https:\\\/\\\/www.enginyeriacivil.cat\\\/#organization\"},\"potentialAction\":[{\"@type\":\"SearchAction\",\"target\":{\"@type\":\"EntryPoint\",\"urlTemplate\":\"https:\\\/\\\/www.enginyeriacivil.cat\\\/?s={search_term_string}\"},\"query-input\":{\"@type\":\"PropertyValueSpecification\",\"valueRequired\":true,\"valueName\":\"search_term_string\"}}],\"inLanguage\":\"es\"},{\"@type\":\"Organization\",\"@id\":\"https:\\\/\\\/www.enginyeriacivil.cat\\\/#organization\",\"name\":\"ECCAT\",\"url\":\"https:\\\/\\\/www.enginyeriacivil.cat\\\/\",\"logo\":{\"@type\":\"ImageObject\",\"inLanguage\":\"es\",\"@id\":\"https:\\\/\\\/www.enginyeriacivil.cat\\\/#\\\/schema\\\/logo\\\/image\\\/\",\"url\":\"https:\\\/\\\/www.enginyeriacivil.cat\\\/wp-content\\\/uploads\\\/2024\\\/05\\\/Perfil-EC-CAT_Azul_Wordpress.png\",\"contentUrl\":\"https:\\\/\\\/www.enginyeriacivil.cat\\\/wp-content\\\/uploads\\\/2024\\\/05\\\/Perfil-EC-CAT_Azul_Wordpress.png\",\"width\":512,\"height\":512,\"caption\":\"ECCAT\"},\"image\":{\"@id\":\"https:\\\/\\\/www.enginyeriacivil.cat\\\/#\\\/schema\\\/logo\\\/image\\\/\"}},{\"@type\":\"Person\",\"@id\":\"https:\\\/\\\/www.enginyeriacivil.cat\\\/#\\\/schema\\\/person\\\/9aa29fc6996121d2bb6d27c0284d18ba\",\"name\":\"M\u00edriam\",\"image\":{\"@type\":\"ImageObject\",\"inLanguage\":\"es\",\"@id\":\"https:\\\/\\\/www.enginyeriacivil.cat\\\/wp-content\\\/litespeed\\\/avatar\\\/b4227471663217d021b10b59c85b7b2d.jpg?ver=1788339534\",\"url\":\"https:\\\/\\\/www.enginyeriacivil.cat\\\/wp-content\\\/litespeed\\\/avatar\\\/b4227471663217d021b10b59c85b7b2d.jpg?ver=1788339534\",\"contentUrl\":\"https:\\\/\\\/www.enginyeriacivil.cat\\\/wp-content\\\/litespeed\\\/avatar\\\/b4227471663217d021b10b59c85b7b2d.jpg?ver=1788339534\",\"caption\":\"M\u00edriam\"},\"url\":\"https:\\\/\\\/www.enginyeriacivil.cat\\\/es\\\/author\\\/elena\\\/\"}]}<\/script>\n<!-- \/ Yoast SEO plugin. -->","yoast_head_json":{"title":"Nou postgrau en Lean Construction i Gesti\u00f3 Avan\u00e7ada de Projectes - ECCAT","description":"Col\u00b7legi de l&#039;Enginyeria T\u00e8cnica d&#039;Obres P\u00fabliques i de l&#039;Enginyeria Civil de Catalunya","robots":{"index":"index","follow":"follow","max-snippet":"max-snippet:-1","max-image-preview":"max-image-preview:large","max-video-preview":"max-video-preview:-1"},"canonical":"https:\/\/www.enginyeriacivil.cat\/es\/nou-postgrau-en-lean-construction-i-gestio-avancada-de-projectes\/","og_locale":"es_ES","og_type":"article","og_title":"Nou postgrau en Lean Construction i Gesti\u00f3 Avan\u00e7ada de Projectes - ECCAT","og_description":"Col\u00b7legi de l&#039;Enginyeria T\u00e8cnica d&#039;Obres P\u00fabliques i de l&#039;Enginyeria Civil de Catalunya","og_url":"https:\/\/www.enginyeriacivil.cat\/es\/nou-postgrau-en-lean-construction-i-gestio-avancada-de-projectes\/","og_site_name":"ECCAT","article_published_time":"2026-09-01T12:34:44+00:00","article_modified_time":"2026-09-03T09:11:40+00:00","og_image":[{"width":1200,"height":750,"url":"https:\/\/www.enginyeriacivil.cat\/wp-content\/uploads\/2024\/07\/EC-CAT-Logo1200x775.jpg","type":"image\/jpeg"}],"author":"M\u00edriam","twitter_card":"summary_large_image","twitter_misc":{"Escrito por":"M\u00edriam","Tiempo de lectura":"2 minutos"},"schema":{"@context":"https:\/\/schema.org","@graph":[{"@type":"Article","@id":"https:\/\/www.enginyeriacivil.cat\/nou-postgrau-en-lean-construction-i-gestio-avancada-de-projectes\/#article","isPartOf":{"@id":"https:\/\/www.enginyeriacivil.cat\/nou-postgrau-en-lean-construction-i-gestio-avancada-de-projectes\/"},"author":{"name":"M\u00edriam","@id":"https:\/\/www.enginyeriacivil.cat\/#\/schema\/person\/9aa29fc6996121d2bb6d27c0284d18ba"},"headline":"Nou postgrau en Lean Construction i Gesti\u00f3 Avan\u00e7ada de Projectes","datePublished":"2026-09-01T12:34:44+00:00","dateModified":"2026-09-03T09:11:40+00:00","mainEntityOfPage":{"@id":"https:\/\/www.enginyeriacivil.cat\/nou-postgrau-en-lean-construction-i-gestio-avancada-de-projectes\/"},"wordCount":343,"publisher":{"@id":"https:\/\/www.enginyeriacivil.cat\/#organization"},"inLanguage":"es"},{"@type":"WebPage","@id":"https:\/\/www.enginyeriacivil.cat\/nou-postgrau-en-lean-construction-i-gestio-avancada-de-projectes\/","url":"https:\/\/www.enginyeriacivil.cat\/nou-postgrau-en-lean-construction-i-gestio-avancada-de-projectes\/","name":"Nou postgrau en Lean Construction i Gesti\u00f3 Avan\u00e7ada de Projectes - ECCAT","isPartOf":{"@id":"https:\/\/www.enginyeriacivil.cat\/#website"},"datePublished":"2026-09-01T12:34:44+00:00","dateModified":"2026-09-03T09:11:40+00:00","description":"Col\u00b7legi de l&#039;Enginyeria T\u00e8cnica d&#039;Obres P\u00fabliques i de l&#039;Enginyeria Civil de Catalunya","breadcrumb":{"@id":"https:\/\/www.enginyeriacivil.cat\/nou-postgrau-en-lean-construction-i-gestio-avancada-de-projectes\/#breadcrumb"},"inLanguage":"es","potentialAction":[{"@type":"ReadAction","target":["https:\/\/www.enginyeriacivil.cat\/nou-postgrau-en-lean-construction-i-gestio-avancada-de-projectes\/"]}]},{"@type":"BreadcrumbList","@id":"https:\/\/www.enginyeriacivil.cat\/nou-postgrau-en-lean-construction-i-gestio-avancada-de-projectes\/#breadcrumb","itemListElement":[{"@type":"ListItem","position":1,"name":"Portada","item":"https:\/\/www.enginyeriacivil.cat\/"},{"@type":"ListItem","position":2,"name":"Nou postgrau en Lean Construction i Gesti\u00f3 Avan\u00e7ada de Projectes"}]},{"@type":"WebSite","@id":"https:\/\/www.enginyeriacivil.cat\/#website","url":"https:\/\/www.enginyeriacivil.cat\/","name":"ECCAT","description":"Col\u00b7legi de l&#039;Enginyeria T\u00e8cnica d&#039;Obres P\u00fabliques i de l&#039;Enginyeria Civil de Catalunya","publisher":{"@id":"https:\/\/www.enginyeriacivil.cat\/#organization"},"potentialAction":[{"@type":"SearchAction","target":{"@type":"EntryPoint","urlTemplate":"https:\/\/www.enginyeriacivil.cat\/?s={search_term_string}"},"query-input":{"@type":"PropertyValueSpecification","valueRequired":true,"valueName":"search_term_string"}}],"inLanguage":"es"},{"@type":"Organization","@id":"https:\/\/www.enginyeriacivil.cat\/#organization","name":"ECCAT","url":"https:\/\/www.enginyeriacivil.cat\/","logo":{"@type":"ImageObject","inLanguage":"es","@id":"https:\/\/www.enginyeriacivil.cat\/#\/schema\/logo\/image\/","url":"https:\/\/www.enginyeriacivil.cat\/wp-content\/uploads\/2024\/05\/Perfil-EC-CAT_Azul_Wordpress.png","contentUrl":"https:\/\/www.enginyeriacivil.cat\/wp-content\/uploads\/2024\/05\/Perfil-EC-CAT_Azul_Wordpress.png","width":512,"height":512,"caption":"ECCAT"},"image":{"@id":"https:\/\/www.enginyeriacivil.cat\/#\/schema\/logo\/image\/"}},{"@type":"Person","@id":"https:\/\/www.enginyeriacivil.cat\/#\/schema\/person\/9aa29fc6996121d2bb6d27c0284d18ba","name":"M\u00edriam","image":{"@type":"ImageObject","inLanguage":"es","@id":"https:\/\/www.enginyeriacivil.cat\/wp-content\/litespeed\/avatar\/b4227471663217d021b10b59c85b7b2d.jpg?ver=1788339534","url":"https:\/\/www.enginyeriacivil.cat\/wp-content\/litespeed\/avatar\/b4227471663217d021b10b59c85b7b2d.jpg?ver=1788339534","contentUrl":"https:\/\/www.enginyeriacivil.cat\/wp-content\/litespeed\/avatar\/b4227471663217d021b10b59c85b7b2d.jpg?ver=1788339534","caption":"M\u00edriam"},"url":"https:\/\/www.enginyeriacivil.cat\/es\/author\/elena\/"}]}},"_links":{"self":[{"href":"https:\/\/www.enginyeriacivil.cat\/es\/wp-json\/wp\/v2\/posts\/5554","targetHints":{"allow":["GET"]}}],"collection":[{"href":"https:\/\/www.enginyeriacivil.cat\/es\/wp-json\/wp\/v2\/posts"}],"about":[{"href":"https:\/\/www.enginyeriacivil.cat\/es\/wp-json\/wp\/v2\/types\/post"}],"author":[{"embeddable":true,"href":"https:\/\/www.enginyeriacivil.cat\/es\/wp-json\/wp\/v2\/users\/5"}],"replies":[{"embeddable":true,"href":"https:\/\/www.enginyeriacivil.cat\/es\/wp-json\/wp\/v2\/comments?post=5554"}],"version-history":[{"count":12,"href":"https:\/\/www.enginyeriacivil.cat\/es\/wp-json\/wp\/v2\/posts\/5554\/revisions"}],"predecessor-version":[{"id":5582,"href":"https:\/\/www.enginyeriacivil.cat\/es\/wp-json\/wp\/v2\/posts\/5554\/revisions\/5582"}],"wp:attachment":[{"href":"https:\/\/www.enginyeriacivil.cat\/es\/wp-json\/wp\/v2\/media?parent=5554"}],"wp:term":[{"taxonomy":"category","embeddable":true,"href":"https:\/\/www.enginyeriacivil.cat\/es\/wp-json\/wp\/v2\/categories?post=5554"},{"taxonomy":"post_tag","embeddable":true,"href":"https:\/\/www.enginyeriacivil.cat\/es\/wp-json\/wp\/v2\/tags?post=5554"}],"curies":[{"name":"wp","href":"https:\/\/api.w.org\/{rel}","templated":true}]}}