{"id":5454,"date":"2026-08-27T09:00:45","date_gmt":"2026-08-27T07:00:45","guid":{"rendered":"https:\/\/www.enginyeriacivil.cat\/?p=5454"},"modified":"2026-09-01T13:42:37","modified_gmt":"2026-09-01T11:42:37","slug":"catalunya-impulsa-les-carreteres-connectades-i-intelligents-amb-una-inversio-de-mes-de-66-milions-deuros","status":"publish","type":"post","link":"https:\/\/www.enginyeriacivil.cat\/es\/catalunya-impulsa-les-carreteres-connectades-i-intelligents-amb-una-inversio-de-mes-de-66-milions-deuros\/","title":{"rendered":"Catalunya impulsa les carreteres connectades i intel\u00b7ligents amb una inversi\u00f3 de m\u00e9s de 66 milions d&#8217;euros"},"content":{"rendered":"<h3>El nou programa preveu digitalitzar la xarxa vi\u00e0ria de la Generalitat, desplegar fins a 930 km de corredors connectats i incorporar sensors i sistemes intel\u00b7ligents per millorar la gesti\u00f3, la seguretat i el manteniment de carreteres<\/h3>\n<p><em>Barcelona, 1 de setembre de 2026.<\/em><\/p>\n<p>La Generalitat de Catalunya ha aprovat el <strong>Programa de carreteres connectades i intel\u00b7ligents<\/strong>, una iniciativa destinada a modernitzar els prop de 6.000 km de carreteres de titularitat de la Generalitat i preparar la xarxa per als nous models de mobilitat connectada i, progressivament, aut\u00f2noma.<\/p>\n<p>El programa preveu una inversi\u00f3 de <strong>m\u00e9s de 66 milions d&#8217;euros<\/strong> i combina la digitalitzaci\u00f3 de les infraestructures, els sistemes intel\u00b7ligents de transport i el desplegament de corredors connectats amb l&#8217;objectiu d&#8217;avan\u00e7ar cap a una xarxa vi\u00e0ria m\u00e9s segura, eficient i sostenible.<\/p>\n<h4>Principals actuacions previstes<\/h4>\n<p>Entre les actuacions que preveu el programa destaquen:<\/p>\n<ul>\n<li><strong>Bess\u00f3 digital de la xarxa vi\u00e0ria:<\/strong> es desenvolupar\u00e0 una r\u00e8plica virtual de 362 km de la xarxa vi\u00e0ria interurbana de l&#8217;entorn metropolit\u00e0 a Barcelona, que permetr\u00e0 monitarar i predir l&#8217;estat de les infraestructures i el tr\u00e0nsit i facilitar la presa de decisions. El projecte compta amb una inversi\u00f3 de 7,09 milions d&#8217;euros i un termini d&#8217;execuci\u00f3 de 36 mesos.<\/li>\n<li><strong>930 km de corredors connectats i intel\u00b7ligents:<\/strong> incorporaran tecnologies que permetin la comunicaci\u00f3 entre els vehicles i la infraestructura.<\/li>\n<li><strong>Sensors i sistemes C-ITS:<\/strong> permetran monitorar l&#8217;estat de les carreteres en el temps real, detectar incid\u00e8ncies i avan\u00e7ar cap a un model de <strong>manteniment predictiu.<\/strong><\/li>\n<li><strong>Noves tecnologies aplicades a la conservaci\u00f3:<\/strong> es preveuen proves pilot, entre altres \u00e0mbits de robotitzaci\u00f3 de tasques de conservaci\u00f3.<\/li>\n<li><strong>Mobilitat connectada i aut\u00f2noma:<\/strong> la xarxa s&#8217;anir\u00e0 preparant progressivament per facilitar la futura implantaci\u00f3 de sistemes de conducci\u00f3 semiaut\u00f2noma i aut\u00f2noma.<\/li>\n<\/ul>\n<h4>Primers corredors a la C-31 i la C-32 sud<\/h4>\n<p>Les primeres actuacions es desenvoluparan a la<strong> C-31 i la C-32 sud, entre Castelldefels i Hospitalet de Llobregat,<\/strong> en un tram de 19 km i amb una inversi\u00f3 prevista de <strong>700.000 euros.<\/strong><\/p>\n<p>Aquests primers corredors permetran avan\u00e7ar en el desplegament de tecnologies de comunicaci\u00f3 entre vehicles i infraestructura i serviran com a punt de partida per estendre progressivament aquest model a altres trams de la xarxa vi\u00e0ria catalana.<\/p>\n<h4><strong>Una nova gesti\u00f3 de les infraestructures vi\u00e0ries<\/strong><\/h4>\n<p>Un dels aspectes especialment rellevants del programa per al sector de l&#8217;enginyeria civil \u00e9s l&#8217;evoluci\u00f3 cap a una<strong> gesti\u00f3 basada en dades i manteniment predictiu.<\/strong><\/p>\n<p>La incorporaci\u00f3 de sensors, models digitals i sistemes intel\u00b7ligents permetr\u00e0 disposar de m\u00e9s informaci\u00f3 sobre l&#8217;estat de les infraestructures i anticipar necessitats d&#8217;actuaci\u00f3, incorporant noves eines a les tasques de <strong>planificaci\u00f3, conservaci\u00f3 i gesti\u00f3 de la xarxa vi\u00e0ria.<\/p>\n<p><\/strong><\/p>\n<h4>M\u00e9s informaci\u00f3<\/h4>\n<p>Podeu consultar el Programa de carreteres connectades i intel\u00b7ligents de la Generalitat de Catalunya i l&#8217;acord d&#8217;aprovaci\u00f3 al enlla\u00e7os seg\u00fcents:<\/p>\n<p><strong>\ud83c\udf10 <a href=\"https:\/\/territori.gencat.cat\/ca\/03_infraestructures_i_mobilitat\/carreteres\/projectes-i-actuacions\/programa-de-carreteres-connectades-i-inteligents\/?utm_source=chatgpt.com\">Programa de carreteres connectades i intel\u00b7ligents &#8211; Generalitat de Catalunya<\/a><\/strong><\/p>\n<p><strong>\ud83d\udcc4 <a href=\"https:\/\/www.enginyeriacivil.cat\/wp-content\/uploads\/2026\/08\/2161913.pdf\">Acord GOV\/167\/2026, de 14 de juliol, pel qual s&#8217;aprova el Programa de carreteres connectades i intel\u00b7ligents<\/a><\/strong><\/p>","protected":false},"excerpt":{"rendered":"<p>El nou programa preveu digitalitzar la xarxa vi\u00e0ria de la Generalitat, desplegar fins a 930 km de corredors connectats i incorporar sensors i sistemes intel\u00b7ligents per millorar la gesti\u00f3, la seguretat i el manteniment de carreteres Barcelona, 1 de setembre de 2026. La Generalitat de Catalunya ha aprovat el Programa de carreteres connectades i intel\u00b7ligents, una iniciativa destinada a modernitzar els prop de 6.000 km de carreteres de titularitat de la Generalitat i preparar la xarxa per als nous models de mobilitat connectada i, progressivament, aut\u00f2noma. El programa preveu una inversi\u00f3 de m\u00e9s de 66 milions d&#8217;euros i combina la digitalitzaci\u00f3 <a href=\"https:\/\/www.enginyeriacivil.cat\/es\/catalunya-impulsa-les-carreteres-connectades-i-intelligents-amb-una-inversio-de-mes-de-66-milions-deuros\/\"> [&#8230;]<\/a><\/p>\n","protected":false},"author":5,"featured_media":0,"comment_status":"closed","ping_status":"closed","sticky":false,"template":"","format":"standard","meta":{"footnotes":""},"categories":[67],"tags":[165,134,94,161,130,166,108],"class_list":["post-5454","post","type-post","status-publish","format-standard","hentry","category-ambit-professional","tag-c-its","tag-carreteres","tag-digitalitzacio","tag-generalitat-de-catalunya","tag-infraestructures","tag-manteniment-predictiu","tag-mobilitat"],"yoast_head":"<!-- This site is optimized with the Yoast SEO plugin v28.4 - https:\/\/yoast.com\/product\/yoast-seo-wordpress\/ -->\n<title>Catalunya impulsa les carreteres connectades i intel\u00b7ligents amb una inversi\u00f3 de m\u00e9s de 66 milions d&#039;euros - ECCAT<\/title>\n<meta name=\"description\" content=\"Col\u00b7legi de l&#039;Enginyeria T\u00e8cnica d&#039;Obres P\u00fabliques i de l&#039;Enginyeria Civil de Catalunya\" \/>\n<meta name=\"robots\" content=\"index, follow, max-snippet:-1, max-image-preview:large, max-video-preview:-1\" \/>\n<link rel=\"canonical\" href=\"https:\/\/www.enginyeriacivil.cat\/es\/catalunya-impulsa-les-carreteres-connectades-i-intelligents-amb-una-inversio-de-mes-de-66-milions-deuros\/\" \/>\n<meta property=\"og:locale\" content=\"es_ES\" \/>\n<meta property=\"og:type\" content=\"article\" \/>\n<meta property=\"og:title\" content=\"Catalunya impulsa les carreteres connectades i intel\u00b7ligents amb una inversi\u00f3 de m\u00e9s de 66 milions d&#039;euros - ECCAT\" \/>\n<meta property=\"og:description\" content=\"Col\u00b7legi de l&#039;Enginyeria T\u00e8cnica d&#039;Obres P\u00fabliques i de l&#039;Enginyeria Civil de Catalunya\" \/>\n<meta property=\"og:url\" content=\"https:\/\/www.enginyeriacivil.cat\/es\/catalunya-impulsa-les-carreteres-connectades-i-intelligents-amb-una-inversio-de-mes-de-66-milions-deuros\/\" \/>\n<meta property=\"og:site_name\" content=\"ECCAT\" \/>\n<meta property=\"article:published_time\" content=\"2026-08-27T07:00:45+00:00\" \/>\n<meta property=\"article:modified_time\" content=\"2026-09-01T11:42:37+00:00\" \/>\n<meta property=\"og:image\" content=\"https:\/\/www.enginyeriacivil.cat\/wp-content\/uploads\/2024\/07\/EC-CAT-Logo1200x775.jpg\" \/>\n\t<meta property=\"og:image:width\" content=\"1200\" \/>\n\t<meta property=\"og:image:height\" content=\"750\" \/>\n\t<meta property=\"og:image:type\" content=\"image\/jpeg\" \/>\n<meta name=\"author\" content=\"M\u00edriam\" \/>\n<meta name=\"twitter:card\" content=\"summary_large_image\" \/>\n<meta name=\"twitter:label1\" content=\"Escrito por\" \/>\n\t<meta name=\"twitter:data1\" content=\"M\u00edriam\" \/>\n\t<meta name=\"twitter:label2\" content=\"Tiempo de lectura\" \/>\n\t<meta name=\"twitter:data2\" content=\"3 minutos\" \/>\n<script type=\"application\/ld+json\" class=\"yoast-schema-graph\">{\"@context\":\"https:\\\/\\\/schema.org\",\"@graph\":[{\"@type\":\"Article\",\"@id\":\"https:\\\/\\\/www.enginyeriacivil.cat\\\/catalunya-impulsa-les-carreteres-connectades-i-intelligents-amb-una-inversio-de-mes-de-66-milions-deuros\\\/#article\",\"isPartOf\":{\"@id\":\"https:\\\/\\\/www.enginyeriacivil.cat\\\/catalunya-impulsa-les-carreteres-connectades-i-intelligents-amb-una-inversio-de-mes-de-66-milions-deuros\\\/\"},\"author\":{\"name\":\"M\u00edriam\",\"@id\":\"https:\\\/\\\/www.enginyeriacivil.cat\\\/#\\\/schema\\\/person\\\/9aa29fc6996121d2bb6d27c0284d18ba\"},\"headline\":\"Catalunya impulsa les carreteres connectades i intel\u00b7ligents amb una inversi\u00f3 de m\u00e9s de 66 milions d&#8217;euros\",\"datePublished\":\"2026-08-27T07:00:45+00:00\",\"dateModified\":\"2026-09-01T11:42:37+00:00\",\"mainEntityOfPage\":{\"@id\":\"https:\\\/\\\/www.enginyeriacivil.cat\\\/catalunya-impulsa-les-carreteres-connectades-i-intelligents-amb-una-inversio-de-mes-de-66-milions-deuros\\\/\"},\"wordCount\":530,\"publisher\":{\"@id\":\"https:\\\/\\\/www.enginyeriacivil.cat\\\/#organization\"},\"keywords\":[\"C-ITS\",\"Carreteres\",\"Digitalitzaci\u00f3\",\"Generalitat de Catalunya\",\"Infraestructures\",\"Manteniment predictiu\",\"Mobilitat\"],\"articleSection\":[\"\u00c0mbit Professional\"],\"inLanguage\":\"es\"},{\"@type\":\"WebPage\",\"@id\":\"https:\\\/\\\/www.enginyeriacivil.cat\\\/catalunya-impulsa-les-carreteres-connectades-i-intelligents-amb-una-inversio-de-mes-de-66-milions-deuros\\\/\",\"url\":\"https:\\\/\\\/www.enginyeriacivil.cat\\\/catalunya-impulsa-les-carreteres-connectades-i-intelligents-amb-una-inversio-de-mes-de-66-milions-deuros\\\/\",\"name\":\"Catalunya impulsa les carreteres connectades i intel\u00b7ligents amb una inversi\u00f3 de m\u00e9s de 66 milions d'euros - ECCAT\",\"isPartOf\":{\"@id\":\"https:\\\/\\\/www.enginyeriacivil.cat\\\/#website\"},\"datePublished\":\"2026-08-27T07:00:45+00:00\",\"dateModified\":\"2026-09-01T11:42:37+00:00\",\"description\":\"Col\u00b7legi de l&#039;Enginyeria T\u00e8cnica d&#039;Obres P\u00fabliques i de l&#039;Enginyeria Civil de Catalunya\",\"breadcrumb\":{\"@id\":\"https:\\\/\\\/www.enginyeriacivil.cat\\\/catalunya-impulsa-les-carreteres-connectades-i-intelligents-amb-una-inversio-de-mes-de-66-milions-deuros\\\/#breadcrumb\"},\"inLanguage\":\"es\",\"potentialAction\":[{\"@type\":\"ReadAction\",\"target\":[\"https:\\\/\\\/www.enginyeriacivil.cat\\\/catalunya-impulsa-les-carreteres-connectades-i-intelligents-amb-una-inversio-de-mes-de-66-milions-deuros\\\/\"]}]},{\"@type\":\"BreadcrumbList\",\"@id\":\"https:\\\/\\\/www.enginyeriacivil.cat\\\/catalunya-impulsa-les-carreteres-connectades-i-intelligents-amb-una-inversio-de-mes-de-66-milions-deuros\\\/#breadcrumb\",\"itemListElement\":[{\"@type\":\"ListItem\",\"position\":1,\"name\":\"Portada\",\"item\":\"https:\\\/\\\/www.enginyeriacivil.cat\\\/\"},{\"@type\":\"ListItem\",\"position\":2,\"name\":\"Catalunya impulsa les carreteres connectades i intel\u00b7ligents amb una inversi\u00f3 de m\u00e9s de 66 milions d&#8217;euros\"}]},{\"@type\":\"WebSite\",\"@id\":\"https:\\\/\\\/www.enginyeriacivil.cat\\\/#website\",\"url\":\"https:\\\/\\\/www.enginyeriacivil.cat\\\/\",\"name\":\"ECCAT\",\"description\":\"Col\u00b7legi de l&#039;Enginyeria T\u00e8cnica d&#039;Obres P\u00fabliques i de l&#039;Enginyeria Civil de Catalunya\",\"publisher\":{\"@id\":\"https:\\\/\\\/www.enginyeriacivil.cat\\\/#organization\"},\"potentialAction\":[{\"@type\":\"SearchAction\",\"target\":{\"@type\":\"EntryPoint\",\"urlTemplate\":\"https:\\\/\\\/www.enginyeriacivil.cat\\\/?s={search_term_string}\"},\"query-input\":{\"@type\":\"PropertyValueSpecification\",\"valueRequired\":true,\"valueName\":\"search_term_string\"}}],\"inLanguage\":\"es\"},{\"@type\":\"Organization\",\"@id\":\"https:\\\/\\\/www.enginyeriacivil.cat\\\/#organization\",\"name\":\"ECCAT\",\"url\":\"https:\\\/\\\/www.enginyeriacivil.cat\\\/\",\"logo\":{\"@type\":\"ImageObject\",\"inLanguage\":\"es\",\"@id\":\"https:\\\/\\\/www.enginyeriacivil.cat\\\/#\\\/schema\\\/logo\\\/image\\\/\",\"url\":\"https:\\\/\\\/www.enginyeriacivil.cat\\\/wp-content\\\/uploads\\\/2024\\\/05\\\/Perfil-EC-CAT_Azul_Wordpress.png\",\"contentUrl\":\"https:\\\/\\\/www.enginyeriacivil.cat\\\/wp-content\\\/uploads\\\/2024\\\/05\\\/Perfil-EC-CAT_Azul_Wordpress.png\",\"width\":512,\"height\":512,\"caption\":\"ECCAT\"},\"image\":{\"@id\":\"https:\\\/\\\/www.enginyeriacivil.cat\\\/#\\\/schema\\\/logo\\\/image\\\/\"}},{\"@type\":\"Person\",\"@id\":\"https:\\\/\\\/www.enginyeriacivil.cat\\\/#\\\/schema\\\/person\\\/9aa29fc6996121d2bb6d27c0284d18ba\",\"name\":\"M\u00edriam\",\"image\":{\"@type\":\"ImageObject\",\"inLanguage\":\"es\",\"@id\":\"https:\\\/\\\/www.enginyeriacivil.cat\\\/wp-content\\\/litespeed\\\/avatar\\\/b4227471663217d021b10b59c85b7b2d.jpg?ver=1788339534\",\"url\":\"https:\\\/\\\/www.enginyeriacivil.cat\\\/wp-content\\\/litespeed\\\/avatar\\\/b4227471663217d021b10b59c85b7b2d.jpg?ver=1788339534\",\"contentUrl\":\"https:\\\/\\\/www.enginyeriacivil.cat\\\/wp-content\\\/litespeed\\\/avatar\\\/b4227471663217d021b10b59c85b7b2d.jpg?ver=1788339534\",\"caption\":\"M\u00edriam\"},\"url\":\"https:\\\/\\\/www.enginyeriacivil.cat\\\/es\\\/author\\\/elena\\\/\"}]}<\/script>\n<!-- \/ Yoast SEO plugin. -->","yoast_head_json":{"title":"Catalunya impulsa les carreteres connectades i intel\u00b7ligents amb una inversi\u00f3 de m\u00e9s de 66 milions d'euros - ECCAT","description":"Col\u00b7legi de l&#039;Enginyeria T\u00e8cnica d&#039;Obres P\u00fabliques i de l&#039;Enginyeria Civil de Catalunya","robots":{"index":"index","follow":"follow","max-snippet":"max-snippet:-1","max-image-preview":"max-image-preview:large","max-video-preview":"max-video-preview:-1"},"canonical":"https:\/\/www.enginyeriacivil.cat\/es\/catalunya-impulsa-les-carreteres-connectades-i-intelligents-amb-una-inversio-de-mes-de-66-milions-deuros\/","og_locale":"es_ES","og_type":"article","og_title":"Catalunya impulsa les carreteres connectades i intel\u00b7ligents amb una inversi\u00f3 de m\u00e9s de 66 milions d'euros - ECCAT","og_description":"Col\u00b7legi de l&#039;Enginyeria T\u00e8cnica d&#039;Obres P\u00fabliques i de l&#039;Enginyeria Civil de Catalunya","og_url":"https:\/\/www.enginyeriacivil.cat\/es\/catalunya-impulsa-les-carreteres-connectades-i-intelligents-amb-una-inversio-de-mes-de-66-milions-deuros\/","og_site_name":"ECCAT","article_published_time":"2026-08-27T07:00:45+00:00","article_modified_time":"2026-09-01T11:42:37+00:00","og_image":[{"width":1200,"height":750,"url":"https:\/\/www.enginyeriacivil.cat\/wp-content\/uploads\/2024\/07\/EC-CAT-Logo1200x775.jpg","type":"image\/jpeg"}],"author":"M\u00edriam","twitter_card":"summary_large_image","twitter_misc":{"Escrito por":"M\u00edriam","Tiempo de lectura":"3 minutos"},"schema":{"@context":"https:\/\/schema.org","@graph":[{"@type":"Article","@id":"https:\/\/www.enginyeriacivil.cat\/catalunya-impulsa-les-carreteres-connectades-i-intelligents-amb-una-inversio-de-mes-de-66-milions-deuros\/#article","isPartOf":{"@id":"https:\/\/www.enginyeriacivil.cat\/catalunya-impulsa-les-carreteres-connectades-i-intelligents-amb-una-inversio-de-mes-de-66-milions-deuros\/"},"author":{"name":"M\u00edriam","@id":"https:\/\/www.enginyeriacivil.cat\/#\/schema\/person\/9aa29fc6996121d2bb6d27c0284d18ba"},"headline":"Catalunya impulsa les carreteres connectades i intel\u00b7ligents amb una inversi\u00f3 de m\u00e9s de 66 milions d&#8217;euros","datePublished":"2026-08-27T07:00:45+00:00","dateModified":"2026-09-01T11:42:37+00:00","mainEntityOfPage":{"@id":"https:\/\/www.enginyeriacivil.cat\/catalunya-impulsa-les-carreteres-connectades-i-intelligents-amb-una-inversio-de-mes-de-66-milions-deuros\/"},"wordCount":530,"publisher":{"@id":"https:\/\/www.enginyeriacivil.cat\/#organization"},"keywords":["C-ITS","Carreteres","Digitalitzaci\u00f3","Generalitat de Catalunya","Infraestructures","Manteniment predictiu","Mobilitat"],"articleSection":["\u00c0mbit Professional"],"inLanguage":"es"},{"@type":"WebPage","@id":"https:\/\/www.enginyeriacivil.cat\/catalunya-impulsa-les-carreteres-connectades-i-intelligents-amb-una-inversio-de-mes-de-66-milions-deuros\/","url":"https:\/\/www.enginyeriacivil.cat\/catalunya-impulsa-les-carreteres-connectades-i-intelligents-amb-una-inversio-de-mes-de-66-milions-deuros\/","name":"Catalunya impulsa les carreteres connectades i intel\u00b7ligents amb una inversi\u00f3 de m\u00e9s de 66 milions d'euros - ECCAT","isPartOf":{"@id":"https:\/\/www.enginyeriacivil.cat\/#website"},"datePublished":"2026-08-27T07:00:45+00:00","dateModified":"2026-09-01T11:42:37+00:00","description":"Col\u00b7legi de l&#039;Enginyeria T\u00e8cnica d&#039;Obres P\u00fabliques i de l&#039;Enginyeria Civil de Catalunya","breadcrumb":{"@id":"https:\/\/www.enginyeriacivil.cat\/catalunya-impulsa-les-carreteres-connectades-i-intelligents-amb-una-inversio-de-mes-de-66-milions-deuros\/#breadcrumb"},"inLanguage":"es","potentialAction":[{"@type":"ReadAction","target":["https:\/\/www.enginyeriacivil.cat\/catalunya-impulsa-les-carreteres-connectades-i-intelligents-amb-una-inversio-de-mes-de-66-milions-deuros\/"]}]},{"@type":"BreadcrumbList","@id":"https:\/\/www.enginyeriacivil.cat\/catalunya-impulsa-les-carreteres-connectades-i-intelligents-amb-una-inversio-de-mes-de-66-milions-deuros\/#breadcrumb","itemListElement":[{"@type":"ListItem","position":1,"name":"Portada","item":"https:\/\/www.enginyeriacivil.cat\/"},{"@type":"ListItem","position":2,"name":"Catalunya impulsa les carreteres connectades i intel\u00b7ligents amb una inversi\u00f3 de m\u00e9s de 66 milions d&#8217;euros"}]},{"@type":"WebSite","@id":"https:\/\/www.enginyeriacivil.cat\/#website","url":"https:\/\/www.enginyeriacivil.cat\/","name":"ECCAT","description":"Col\u00b7legi de l&#039;Enginyeria T\u00e8cnica d&#039;Obres P\u00fabliques i de l&#039;Enginyeria Civil de Catalunya","publisher":{"@id":"https:\/\/www.enginyeriacivil.cat\/#organization"},"potentialAction":[{"@type":"SearchAction","target":{"@type":"EntryPoint","urlTemplate":"https:\/\/www.enginyeriacivil.cat\/?s={search_term_string}"},"query-input":{"@type":"PropertyValueSpecification","valueRequired":true,"valueName":"search_term_string"}}],"inLanguage":"es"},{"@type":"Organization","@id":"https:\/\/www.enginyeriacivil.cat\/#organization","name":"ECCAT","url":"https:\/\/www.enginyeriacivil.cat\/","logo":{"@type":"ImageObject","inLanguage":"es","@id":"https:\/\/www.enginyeriacivil.cat\/#\/schema\/logo\/image\/","url":"https:\/\/www.enginyeriacivil.cat\/wp-content\/uploads\/2024\/05\/Perfil-EC-CAT_Azul_Wordpress.png","contentUrl":"https:\/\/www.enginyeriacivil.cat\/wp-content\/uploads\/2024\/05\/Perfil-EC-CAT_Azul_Wordpress.png","width":512,"height":512,"caption":"ECCAT"},"image":{"@id":"https:\/\/www.enginyeriacivil.cat\/#\/schema\/logo\/image\/"}},{"@type":"Person","@id":"https:\/\/www.enginyeriacivil.cat\/#\/schema\/person\/9aa29fc6996121d2bb6d27c0284d18ba","name":"M\u00edriam","image":{"@type":"ImageObject","inLanguage":"es","@id":"https:\/\/www.enginyeriacivil.cat\/wp-content\/litespeed\/avatar\/b4227471663217d021b10b59c85b7b2d.jpg?ver=1788339534","url":"https:\/\/www.enginyeriacivil.cat\/wp-content\/litespeed\/avatar\/b4227471663217d021b10b59c85b7b2d.jpg?ver=1788339534","contentUrl":"https:\/\/www.enginyeriacivil.cat\/wp-content\/litespeed\/avatar\/b4227471663217d021b10b59c85b7b2d.jpg?ver=1788339534","caption":"M\u00edriam"},"url":"https:\/\/www.enginyeriacivil.cat\/es\/author\/elena\/"}]}},"_links":{"self":[{"href":"https:\/\/www.enginyeriacivil.cat\/es\/wp-json\/wp\/v2\/posts\/5454","targetHints":{"allow":["GET"]}}],"collection":[{"href":"https:\/\/www.enginyeriacivil.cat\/es\/wp-json\/wp\/v2\/posts"}],"about":[{"href":"https:\/\/www.enginyeriacivil.cat\/es\/wp-json\/wp\/v2\/types\/post"}],"author":[{"embeddable":true,"href":"https:\/\/www.enginyeriacivil.cat\/es\/wp-json\/wp\/v2\/users\/5"}],"replies":[{"embeddable":true,"href":"https:\/\/www.enginyeriacivil.cat\/es\/wp-json\/wp\/v2\/comments?post=5454"}],"version-history":[{"count":15,"href":"https:\/\/www.enginyeriacivil.cat\/es\/wp-json\/wp\/v2\/posts\/5454\/revisions"}],"predecessor-version":[{"id":5549,"href":"https:\/\/www.enginyeriacivil.cat\/es\/wp-json\/wp\/v2\/posts\/5454\/revisions\/5549"}],"wp:attachment":[{"href":"https:\/\/www.enginyeriacivil.cat\/es\/wp-json\/wp\/v2\/media?parent=5454"}],"wp:term":[{"taxonomy":"category","embeddable":true,"href":"https:\/\/www.enginyeriacivil.cat\/es\/wp-json\/wp\/v2\/categories?post=5454"},{"taxonomy":"post_tag","embeddable":true,"href":"https:\/\/www.enginyeriacivil.cat\/es\/wp-json\/wp\/v2\/tags?post=5454"}],"curies":[{"name":"wp","href":"https:\/\/api.w.org\/{rel}","templated":true}]}}