{"id":4153,"date":"2025-11-13T14:16:39","date_gmt":"2025-11-13T13:16:39","guid":{"rendered":"https:\/\/www.enginyeriacivil.cat\/?p=4153"},"modified":"2025-11-13T14:16:39","modified_gmt":"2025-11-13T13:16:39","slug":"el-canvi-comenca-als-teus-peus-becat-i-lidera-la-revolucio-de-les-ciutats-del-dema","status":"publish","type":"post","link":"https:\/\/www.enginyeriacivil.cat\/es\/el-canvi-comenca-als-teus-peus-becat-i-lidera-la-revolucio-de-les-ciutats-del-dema\/","title":{"rendered":"El canvi comen\u00e7a als teus peus. Beca&#8217;t i lidera la revoluci\u00f3 de les ciutats del dem\u00e0!"},"content":{"rendered":"<div id=\"model-response-message-contentr_57a7d625e5dbd58e\" class=\"markdown markdown-main-panel enable-updated-hr-color\" dir=\"ltr\" aria-live=\"polite\" aria-busy=\"false\">\n<h3>L&#8217;Escola de Mobilitat Sostenible llen\u00e7a la Convocat\u00f2ria de Beques 2026 per Impulsar Agents de Canvi!<\/h3>\n<p><img decoding=\"async\" class=\"lazyload wp-image-4157 alignleft\" src=\"https:\/\/www.enginyeriacivil.cat\/wp-content\/uploads\/2025\/11\/ScreenHunter_24-Nov.-13-13.17.jpg\" data-orig-src=\"https:\/\/www.enginyeriacivil.cat\/wp-content\/uploads\/2025\/11\/ScreenHunter_24-Nov.-13-13.17.jpg\" alt=\"\" width=\"223\" height=\"229\" srcset=\"data:image\/svg+xml,%3Csvg%20xmlns%3D%27http%3A%2F%2Fwww.w3.org%2F2000%2Fsvg%27%20width%3D%27223%27%20height%3D%27229%27%20viewBox%3D%270%200%20223%20229%27%3E%3Crect%20width%3D%27223%27%20height%3D%27229%27%20fill-opacity%3D%220%22%2F%3E%3C%2Fsvg%3E\" data-srcset=\"https:\/\/www.enginyeriacivil.cat\/wp-content\/uploads\/2025\/11\/ScreenHunter_24-Nov.-13-13.17-12x12.jpg 12w, https:\/\/www.enginyeriacivil.cat\/wp-content\/uploads\/2025\/11\/ScreenHunter_24-Nov.-13-13.17-200x205.jpg 200w, https:\/\/www.enginyeriacivil.cat\/wp-content\/uploads\/2025\/11\/ScreenHunter_24-Nov.-13-13.17-293x300.jpg 293w, https:\/\/www.enginyeriacivil.cat\/wp-content\/uploads\/2025\/11\/ScreenHunter_24-Nov.-13-13.17-400x409.jpg 400w, https:\/\/www.enginyeriacivil.cat\/wp-content\/uploads\/2025\/11\/ScreenHunter_24-Nov.-13-13.17-600x614.jpg 600w, https:\/\/www.enginyeriacivil.cat\/wp-content\/uploads\/2025\/11\/ScreenHunter_24-Nov.-13-13.17.jpg 633w\" data-sizes=\"auto\" data-orig-sizes=\"(max-width: 223px) 100vw, 223px\" \/><\/p>\n<\/div>\n<p><b>Barcelona, 13 de novembre de 2025<\/b><\/p>\n<div id=\"model-response-message-contentr_57a7d625e5dbd58e\" class=\"markdown markdown-main-panel enable-updated-hr-color\" dir=\"ltr\" aria-live=\"polite\" aria-busy=\"false\">\n<p>L&#8217;Escola de Mobilitat Sostenible, entitat impulsada pel Pacte per la Mobilitat de Barcelona, anuncia l&#8217;obertura de la seva nova convocat\u00f2ria de <b>beques per a la formaci\u00f3 2026<\/b>. Aquesta iniciativa t\u00e9 l&#8217;objectiu de formar una nova generaci\u00f3 d&#8217;<b>agents de canvi<\/b> amb el comprom\u00eds de transformar la mobilitat als nostres barris, pobles i ciutats cap a un model m\u00e9s just i sostenible.<\/p>\n<\/div>\n<p>&nbsp;<\/p>\n<p>&nbsp;<\/p>\n<div id=\"model-response-message-contentr_57a7d625e5dbd58e\" class=\"markdown markdown-main-panel enable-updated-hr-color\" dir=\"ltr\" aria-live=\"polite\" aria-busy=\"false\">\n<h3>Programes de formaci\u00f3 que ofereixen<\/h3>\n<p>La convocat\u00f2ria cobreix programes acad\u00e8mics d&#8217;alt nivell, que es duran a terme de forma completament <b>online<\/b> en horari de tarda, ideal per a professionals o estudiants:<\/p>\n<table style=\"height: 140px;\" width=\"1190\">\n<thead>\n<tr>\n<td><strong>Programa<\/strong><\/td>\n<td><strong>Durada<\/strong><\/td>\n<td><strong>Horari (Sessions Online)<\/strong><\/td>\n<\/tr>\n<\/thead>\n<tbody>\n<tr>\n<td><b>Postgrau Planificar, gestionar i avaluar la mobilitat sostenible<\/b><\/td>\n<td>Gener &#8211; Juny 2026<\/td>\n<td>Dilluns i dimecres de 18:00 a 20:00h<\/td>\n<\/tr>\n<tr>\n<td><b>Postgrau Ciutats caminables, mobilitat activa i sistemes de transport<\/b><\/td>\n<td>Gener &#8211; Juny 2026<\/td>\n<td>Dimarts i dijous de 18:00 a 20:00h<\/td>\n<\/tr>\n<tr>\n<td><b>M\u00e0ster en Mobilitat sostenible<\/b><\/td>\n<td>Gener &#8211; Desembre 2026<\/td>\n<td>Dilluns a dijous de 18:00 a 20:00h<\/td>\n<\/tr>\n<\/tbody>\n<\/table>\n<\/div>\n<h3><\/h3>\n<p>&nbsp;<\/p>\n<div id=\"model-response-message-contentr_57a7d625e5dbd58e\" class=\"markdown markdown-main-panel enable-updated-hr-color\" dir=\"ltr\" aria-live=\"polite\" aria-busy=\"false\">\n<h3>20 Beques per a diferents perfils<\/h3>\n<p>S&#8217;ofereixen un total de <b>20 places de beca<\/b> distribu\u00efdes en quatre categories per garantir una participaci\u00f3 diversa i multidisciplin\u00e0ria:<\/p>\n<p><b>a)<\/b> Administracions P\u00fabliques<\/p>\n<p><b>b)<\/b> Professionals del sector<\/p>\n<p><b>c)<\/b> Entitats socials i col\u00b7lectius<\/p>\n<p><b>d)<\/b> Altres persones interessades en la mobilitat sostenible<\/p>\n<p>L&#8217;entitat busca activament persones compromeses amb la millora del seu entorn, promovent una mobilitat que prioritzi les persones i el planeta.<\/p>\n<\/div>\n<p>&nbsp;<\/p>\n<p>&nbsp;<\/p>\n<div id=\"model-response-message-contentr_57a7d625e5dbd58e\" class=\"markdown markdown-main-panel enable-updated-hr-color\" dir=\"ltr\" aria-live=\"polite\" aria-busy=\"false\">\n<h3>No perdis el teu lloc!<\/h3>\n<p>El termini per sol\u00b7licitar aquestes beques ja est\u00e0 obert. Totes les persones interessades han d&#8217;omplir el formulari online corresponent, disponible a la p\u00e0gina web de l&#8217;Escola, abans del pr\u00f2xim <b>23 de novembre de 2025<\/b>.<\/p>\n<p><b>Sol\u00b7licita la teva beca aqu\u00ed:<\/b> <a class=\"ng-star-inserted\" href=\"https:\/\/escuelademovilidadsostenible.net\/becas\" target=\"_blank\" rel=\"noopener\" data-hveid=\"0\" data-ved=\"0CAAQ_4QMahgKEwiu0p6jsuyQAxUAAAAAHQAAAAAQxQI\">https:\/\/escuelademovilidadsostenible.net\/becas<\/a><\/p>\n<p>&nbsp;<\/p>\n<\/div>","protected":false},"excerpt":{"rendered":"<p>L&#8217;Escola de Mobilitat Sostenible llen\u00e7a la Convocat\u00f2ria de Beques 2026 per Impulsar Agents de Canvi! Barcelona, 13 de novembre de 2025 L&#8217;Escola de Mobilitat Sostenible, entitat impulsada pel Pacte per la Mobilitat de Barcelona, anuncia l&#8217;obertura de la seva nova convocat\u00f2ria de beques per a la formaci\u00f3 2026. Aquesta iniciativa t\u00e9 l&#8217;objectiu de formar una nova generaci\u00f3 d&#8217;agents de canvi amb el comprom\u00eds de transformar la mobilitat als nostres barris, pobles i ciutats cap a un model m\u00e9s just i sostenible. &nbsp; &nbsp; Programes de formaci\u00f3 que ofereixen La convocat\u00f2ria cobreix programes acad\u00e8mics d&#8217;alt nivell, que es duran a terme de <a href=\"https:\/\/www.enginyeriacivil.cat\/es\/el-canvi-comenca-als-teus-peus-becat-i-lidera-la-revolucio-de-les-ciutats-del-dema\/\"> [&#8230;]<\/a><\/p>\n","protected":false},"author":4,"featured_media":0,"comment_status":"open","ping_status":"open","sticky":false,"template":"","format":"standard","meta":{"footnotes":""},"categories":[1],"tags":[],"class_list":["post-4153","post","type-post","status-publish","format-standard","hentry","category-sin-categoria"],"yoast_head":"<!-- This site is optimized with the Yoast SEO plugin v27.5 - https:\/\/yoast.com\/product\/yoast-seo-wordpress\/ -->\n<title>El canvi comen\u00e7a als teus peus. Beca&#039;t i lidera la revoluci\u00f3 de les ciutats del dem\u00e0! - ECCAT<\/title>\n<meta name=\"description\" content=\"Col\u00b7legi de l&#039;Enginyeria T\u00e8cnica d&#039;Obres P\u00fabliques i de l&#039;Enginyeria Civil de Catalunya\" \/>\n<meta name=\"robots\" content=\"index, follow, max-snippet:-1, max-image-preview:large, max-video-preview:-1\" \/>\n<link rel=\"canonical\" href=\"https:\/\/www.enginyeriacivil.cat\/es\/el-canvi-comenca-als-teus-peus-becat-i-lidera-la-revolucio-de-les-ciutats-del-dema\/\" \/>\n<meta property=\"og:locale\" content=\"es_ES\" \/>\n<meta property=\"og:type\" content=\"article\" \/>\n<meta property=\"og:title\" content=\"El canvi comen\u00e7a als teus peus. Beca&#039;t i lidera la revoluci\u00f3 de les ciutats del dem\u00e0! - ECCAT\" \/>\n<meta property=\"og:description\" content=\"Col\u00b7legi de l&#039;Enginyeria T\u00e8cnica d&#039;Obres P\u00fabliques i de l&#039;Enginyeria Civil de Catalunya\" \/>\n<meta property=\"og:url\" content=\"https:\/\/www.enginyeriacivil.cat\/es\/el-canvi-comenca-als-teus-peus-becat-i-lidera-la-revolucio-de-les-ciutats-del-dema\/\" \/>\n<meta property=\"og:site_name\" content=\"ECCAT\" \/>\n<meta property=\"article:published_time\" content=\"2025-11-13T13:16:39+00:00\" \/>\n<meta property=\"og:image\" content=\"https:\/\/www.enginyeriacivil.cat\/wp-content\/uploads\/2025\/11\/ScreenHunter_24-Nov.-13-13.17.jpg\" \/>\n\t<meta property=\"og:image:width\" content=\"633\" \/>\n\t<meta property=\"og:image:height\" content=\"648\" \/>\n\t<meta property=\"og:image:type\" content=\"image\/jpeg\" \/>\n<meta name=\"author\" content=\"Sandra\" \/>\n<meta name=\"twitter:card\" content=\"summary_large_image\" \/>\n<meta name=\"twitter:label1\" content=\"Escrito por\" \/>\n\t<meta name=\"twitter:data1\" content=\"Sandra\" \/>\n\t<meta name=\"twitter:label2\" content=\"Tiempo de lectura\" \/>\n\t<meta name=\"twitter:data2\" content=\"2 minutos\" \/>\n<script type=\"application\/ld+json\" class=\"yoast-schema-graph\">{\"@context\":\"https:\\\/\\\/schema.org\",\"@graph\":[{\"@type\":\"Article\",\"@id\":\"https:\\\/\\\/www.enginyeriacivil.cat\\\/el-canvi-comenca-als-teus-peus-becat-i-lidera-la-revolucio-de-les-ciutats-del-dema\\\/#article\",\"isPartOf\":{\"@id\":\"https:\\\/\\\/www.enginyeriacivil.cat\\\/el-canvi-comenca-als-teus-peus-becat-i-lidera-la-revolucio-de-les-ciutats-del-dema\\\/\"},\"author\":{\"name\":\"Sandra\",\"@id\":\"https:\\\/\\\/www.enginyeriacivil.cat\\\/#\\\/schema\\\/person\\\/df9b425357f745fb70ec51da5f3cb72a\"},\"headline\":\"El canvi comen\u00e7a als teus peus. Beca&#8217;t i lidera la revoluci\u00f3 de les ciutats del dem\u00e0!\",\"datePublished\":\"2025-11-13T13:16:39+00:00\",\"mainEntityOfPage\":{\"@id\":\"https:\\\/\\\/www.enginyeriacivil.cat\\\/el-canvi-comenca-als-teus-peus-becat-i-lidera-la-revolucio-de-les-ciutats-del-dema\\\/\"},\"wordCount\":321,\"commentCount\":0,\"publisher\":{\"@id\":\"https:\\\/\\\/www.enginyeriacivil.cat\\\/#organization\"},\"image\":{\"@id\":\"https:\\\/\\\/www.enginyeriacivil.cat\\\/el-canvi-comenca-als-teus-peus-becat-i-lidera-la-revolucio-de-les-ciutats-del-dema\\\/#primaryimage\"},\"thumbnailUrl\":\"https:\\\/\\\/www.enginyeriacivil.cat\\\/wp-content\\\/uploads\\\/2025\\\/11\\\/ScreenHunter_24-Nov.-13-13.17.jpg\",\"inLanguage\":\"es\",\"potentialAction\":[{\"@type\":\"CommentAction\",\"name\":\"Comment\",\"target\":[\"https:\\\/\\\/www.enginyeriacivil.cat\\\/el-canvi-comenca-als-teus-peus-becat-i-lidera-la-revolucio-de-les-ciutats-del-dema\\\/#respond\"]}]},{\"@type\":\"WebPage\",\"@id\":\"https:\\\/\\\/www.enginyeriacivil.cat\\\/el-canvi-comenca-als-teus-peus-becat-i-lidera-la-revolucio-de-les-ciutats-del-dema\\\/\",\"url\":\"https:\\\/\\\/www.enginyeriacivil.cat\\\/el-canvi-comenca-als-teus-peus-becat-i-lidera-la-revolucio-de-les-ciutats-del-dema\\\/\",\"name\":\"El canvi comen\u00e7a als teus peus. Beca't i lidera la revoluci\u00f3 de les ciutats del dem\u00e0! - ECCAT\",\"isPartOf\":{\"@id\":\"https:\\\/\\\/www.enginyeriacivil.cat\\\/#website\"},\"primaryImageOfPage\":{\"@id\":\"https:\\\/\\\/www.enginyeriacivil.cat\\\/el-canvi-comenca-als-teus-peus-becat-i-lidera-la-revolucio-de-les-ciutats-del-dema\\\/#primaryimage\"},\"image\":{\"@id\":\"https:\\\/\\\/www.enginyeriacivil.cat\\\/el-canvi-comenca-als-teus-peus-becat-i-lidera-la-revolucio-de-les-ciutats-del-dema\\\/#primaryimage\"},\"thumbnailUrl\":\"https:\\\/\\\/www.enginyeriacivil.cat\\\/wp-content\\\/uploads\\\/2025\\\/11\\\/ScreenHunter_24-Nov.-13-13.17.jpg\",\"datePublished\":\"2025-11-13T13:16:39+00:00\",\"description\":\"Col\u00b7legi de l&#039;Enginyeria T\u00e8cnica d&#039;Obres P\u00fabliques i de l&#039;Enginyeria Civil de Catalunya\",\"breadcrumb\":{\"@id\":\"https:\\\/\\\/www.enginyeriacivil.cat\\\/el-canvi-comenca-als-teus-peus-becat-i-lidera-la-revolucio-de-les-ciutats-del-dema\\\/#breadcrumb\"},\"inLanguage\":\"es\",\"potentialAction\":[{\"@type\":\"ReadAction\",\"target\":[\"https:\\\/\\\/www.enginyeriacivil.cat\\\/el-canvi-comenca-als-teus-peus-becat-i-lidera-la-revolucio-de-les-ciutats-del-dema\\\/\"]}]},{\"@type\":\"ImageObject\",\"inLanguage\":\"es\",\"@id\":\"https:\\\/\\\/www.enginyeriacivil.cat\\\/el-canvi-comenca-als-teus-peus-becat-i-lidera-la-revolucio-de-les-ciutats-del-dema\\\/#primaryimage\",\"url\":\"https:\\\/\\\/www.enginyeriacivil.cat\\\/wp-content\\\/uploads\\\/2025\\\/11\\\/ScreenHunter_24-Nov.-13-13.17.jpg\",\"contentUrl\":\"https:\\\/\\\/www.enginyeriacivil.cat\\\/wp-content\\\/uploads\\\/2025\\\/11\\\/ScreenHunter_24-Nov.-13-13.17.jpg\"},{\"@type\":\"BreadcrumbList\",\"@id\":\"https:\\\/\\\/www.enginyeriacivil.cat\\\/el-canvi-comenca-als-teus-peus-becat-i-lidera-la-revolucio-de-les-ciutats-del-dema\\\/#breadcrumb\",\"itemListElement\":[{\"@type\":\"ListItem\",\"position\":1,\"name\":\"Portada\",\"item\":\"https:\\\/\\\/www.enginyeriacivil.cat\\\/\"},{\"@type\":\"ListItem\",\"position\":2,\"name\":\"El canvi comen\u00e7a als teus peus. Beca&#8217;t i lidera la revoluci\u00f3 de les ciutats del dem\u00e0!\"}]},{\"@type\":\"WebSite\",\"@id\":\"https:\\\/\\\/www.enginyeriacivil.cat\\\/#website\",\"url\":\"https:\\\/\\\/www.enginyeriacivil.cat\\\/\",\"name\":\"ECCAT\",\"description\":\"Col\u00b7legi de l&#039;Enginyeria T\u00e8cnica d&#039;Obres P\u00fabliques i de l&#039;Enginyeria Civil de Catalunya\",\"publisher\":{\"@id\":\"https:\\\/\\\/www.enginyeriacivil.cat\\\/#organization\"},\"potentialAction\":[{\"@type\":\"SearchAction\",\"target\":{\"@type\":\"EntryPoint\",\"urlTemplate\":\"https:\\\/\\\/www.enginyeriacivil.cat\\\/?s={search_term_string}\"},\"query-input\":{\"@type\":\"PropertyValueSpecification\",\"valueRequired\":true,\"valueName\":\"search_term_string\"}}],\"inLanguage\":\"es\"},{\"@type\":\"Organization\",\"@id\":\"https:\\\/\\\/www.enginyeriacivil.cat\\\/#organization\",\"name\":\"ECCAT\",\"url\":\"https:\\\/\\\/www.enginyeriacivil.cat\\\/\",\"logo\":{\"@type\":\"ImageObject\",\"inLanguage\":\"es\",\"@id\":\"https:\\\/\\\/www.enginyeriacivil.cat\\\/#\\\/schema\\\/logo\\\/image\\\/\",\"url\":\"https:\\\/\\\/www.enginyeriacivil.cat\\\/wp-content\\\/uploads\\\/2024\\\/05\\\/Perfil-EC-CAT_Azul_Wordpress.png\",\"contentUrl\":\"https:\\\/\\\/www.enginyeriacivil.cat\\\/wp-content\\\/uploads\\\/2024\\\/05\\\/Perfil-EC-CAT_Azul_Wordpress.png\",\"width\":512,\"height\":512,\"caption\":\"ECCAT\"},\"image\":{\"@id\":\"https:\\\/\\\/www.enginyeriacivil.cat\\\/#\\\/schema\\\/logo\\\/image\\\/\"}},{\"@type\":\"Person\",\"@id\":\"https:\\\/\\\/www.enginyeriacivil.cat\\\/#\\\/schema\\\/person\\\/df9b425357f745fb70ec51da5f3cb72a\",\"name\":\"Sandra\",\"image\":{\"@type\":\"ImageObject\",\"inLanguage\":\"es\",\"@id\":\"https:\\\/\\\/www.enginyeriacivil.cat\\\/wp-content\\\/litespeed\\\/avatar\\\/4e898c3c675a2a481270ffcb48aa23f3.jpg?ver=1777461880\",\"url\":\"https:\\\/\\\/www.enginyeriacivil.cat\\\/wp-content\\\/litespeed\\\/avatar\\\/4e898c3c675a2a481270ffcb48aa23f3.jpg?ver=1777461880\",\"contentUrl\":\"https:\\\/\\\/www.enginyeriacivil.cat\\\/wp-content\\\/litespeed\\\/avatar\\\/4e898c3c675a2a481270ffcb48aa23f3.jpg?ver=1777461880\",\"caption\":\"Sandra\"},\"url\":\"https:\\\/\\\/www.enginyeriacivil.cat\\\/es\\\/author\\\/editor\\\/\"}]}<\/script>\n<!-- \/ Yoast SEO plugin. -->","yoast_head_json":{"title":"El canvi comen\u00e7a als teus peus. Beca't i lidera la revoluci\u00f3 de les ciutats del dem\u00e0! - ECCAT","description":"Col\u00b7legi de l&#039;Enginyeria T\u00e8cnica d&#039;Obres P\u00fabliques i de l&#039;Enginyeria Civil de Catalunya","robots":{"index":"index","follow":"follow","max-snippet":"max-snippet:-1","max-image-preview":"max-image-preview:large","max-video-preview":"max-video-preview:-1"},"canonical":"https:\/\/www.enginyeriacivil.cat\/es\/el-canvi-comenca-als-teus-peus-becat-i-lidera-la-revolucio-de-les-ciutats-del-dema\/","og_locale":"es_ES","og_type":"article","og_title":"El canvi comen\u00e7a als teus peus. Beca't i lidera la revoluci\u00f3 de les ciutats del dem\u00e0! - ECCAT","og_description":"Col\u00b7legi de l&#039;Enginyeria T\u00e8cnica d&#039;Obres P\u00fabliques i de l&#039;Enginyeria Civil de Catalunya","og_url":"https:\/\/www.enginyeriacivil.cat\/es\/el-canvi-comenca-als-teus-peus-becat-i-lidera-la-revolucio-de-les-ciutats-del-dema\/","og_site_name":"ECCAT","article_published_time":"2025-11-13T13:16:39+00:00","og_image":[{"width":633,"height":648,"url":"https:\/\/www.enginyeriacivil.cat\/wp-content\/uploads\/2025\/11\/ScreenHunter_24-Nov.-13-13.17.jpg","type":"image\/jpeg"}],"author":"Sandra","twitter_card":"summary_large_image","twitter_misc":{"Escrito por":"Sandra","Tiempo de lectura":"2 minutos"},"schema":{"@context":"https:\/\/schema.org","@graph":[{"@type":"Article","@id":"https:\/\/www.enginyeriacivil.cat\/el-canvi-comenca-als-teus-peus-becat-i-lidera-la-revolucio-de-les-ciutats-del-dema\/#article","isPartOf":{"@id":"https:\/\/www.enginyeriacivil.cat\/el-canvi-comenca-als-teus-peus-becat-i-lidera-la-revolucio-de-les-ciutats-del-dema\/"},"author":{"name":"Sandra","@id":"https:\/\/www.enginyeriacivil.cat\/#\/schema\/person\/df9b425357f745fb70ec51da5f3cb72a"},"headline":"El canvi comen\u00e7a als teus peus. Beca&#8217;t i lidera la revoluci\u00f3 de les ciutats del dem\u00e0!","datePublished":"2025-11-13T13:16:39+00:00","mainEntityOfPage":{"@id":"https:\/\/www.enginyeriacivil.cat\/el-canvi-comenca-als-teus-peus-becat-i-lidera-la-revolucio-de-les-ciutats-del-dema\/"},"wordCount":321,"commentCount":0,"publisher":{"@id":"https:\/\/www.enginyeriacivil.cat\/#organization"},"image":{"@id":"https:\/\/www.enginyeriacivil.cat\/el-canvi-comenca-als-teus-peus-becat-i-lidera-la-revolucio-de-les-ciutats-del-dema\/#primaryimage"},"thumbnailUrl":"https:\/\/www.enginyeriacivil.cat\/wp-content\/uploads\/2025\/11\/ScreenHunter_24-Nov.-13-13.17.jpg","inLanguage":"es","potentialAction":[{"@type":"CommentAction","name":"Comment","target":["https:\/\/www.enginyeriacivil.cat\/el-canvi-comenca-als-teus-peus-becat-i-lidera-la-revolucio-de-les-ciutats-del-dema\/#respond"]}]},{"@type":"WebPage","@id":"https:\/\/www.enginyeriacivil.cat\/el-canvi-comenca-als-teus-peus-becat-i-lidera-la-revolucio-de-les-ciutats-del-dema\/","url":"https:\/\/www.enginyeriacivil.cat\/el-canvi-comenca-als-teus-peus-becat-i-lidera-la-revolucio-de-les-ciutats-del-dema\/","name":"El canvi comen\u00e7a als teus peus. Beca't i lidera la revoluci\u00f3 de les ciutats del dem\u00e0! - ECCAT","isPartOf":{"@id":"https:\/\/www.enginyeriacivil.cat\/#website"},"primaryImageOfPage":{"@id":"https:\/\/www.enginyeriacivil.cat\/el-canvi-comenca-als-teus-peus-becat-i-lidera-la-revolucio-de-les-ciutats-del-dema\/#primaryimage"},"image":{"@id":"https:\/\/www.enginyeriacivil.cat\/el-canvi-comenca-als-teus-peus-becat-i-lidera-la-revolucio-de-les-ciutats-del-dema\/#primaryimage"},"thumbnailUrl":"https:\/\/www.enginyeriacivil.cat\/wp-content\/uploads\/2025\/11\/ScreenHunter_24-Nov.-13-13.17.jpg","datePublished":"2025-11-13T13:16:39+00:00","description":"Col\u00b7legi de l&#039;Enginyeria T\u00e8cnica d&#039;Obres P\u00fabliques i de l&#039;Enginyeria Civil de Catalunya","breadcrumb":{"@id":"https:\/\/www.enginyeriacivil.cat\/el-canvi-comenca-als-teus-peus-becat-i-lidera-la-revolucio-de-les-ciutats-del-dema\/#breadcrumb"},"inLanguage":"es","potentialAction":[{"@type":"ReadAction","target":["https:\/\/www.enginyeriacivil.cat\/el-canvi-comenca-als-teus-peus-becat-i-lidera-la-revolucio-de-les-ciutats-del-dema\/"]}]},{"@type":"ImageObject","inLanguage":"es","@id":"https:\/\/www.enginyeriacivil.cat\/el-canvi-comenca-als-teus-peus-becat-i-lidera-la-revolucio-de-les-ciutats-del-dema\/#primaryimage","url":"https:\/\/www.enginyeriacivil.cat\/wp-content\/uploads\/2025\/11\/ScreenHunter_24-Nov.-13-13.17.jpg","contentUrl":"https:\/\/www.enginyeriacivil.cat\/wp-content\/uploads\/2025\/11\/ScreenHunter_24-Nov.-13-13.17.jpg"},{"@type":"BreadcrumbList","@id":"https:\/\/www.enginyeriacivil.cat\/el-canvi-comenca-als-teus-peus-becat-i-lidera-la-revolucio-de-les-ciutats-del-dema\/#breadcrumb","itemListElement":[{"@type":"ListItem","position":1,"name":"Portada","item":"https:\/\/www.enginyeriacivil.cat\/"},{"@type":"ListItem","position":2,"name":"El canvi comen\u00e7a als teus peus. Beca&#8217;t i lidera la revoluci\u00f3 de les ciutats del dem\u00e0!"}]},{"@type":"WebSite","@id":"https:\/\/www.enginyeriacivil.cat\/#website","url":"https:\/\/www.enginyeriacivil.cat\/","name":"ECCAT","description":"Col\u00b7legi de l&#039;Enginyeria T\u00e8cnica d&#039;Obres P\u00fabliques i de l&#039;Enginyeria Civil de Catalunya","publisher":{"@id":"https:\/\/www.enginyeriacivil.cat\/#organization"},"potentialAction":[{"@type":"SearchAction","target":{"@type":"EntryPoint","urlTemplate":"https:\/\/www.enginyeriacivil.cat\/?s={search_term_string}"},"query-input":{"@type":"PropertyValueSpecification","valueRequired":true,"valueName":"search_term_string"}}],"inLanguage":"es"},{"@type":"Organization","@id":"https:\/\/www.enginyeriacivil.cat\/#organization","name":"ECCAT","url":"https:\/\/www.enginyeriacivil.cat\/","logo":{"@type":"ImageObject","inLanguage":"es","@id":"https:\/\/www.enginyeriacivil.cat\/#\/schema\/logo\/image\/","url":"https:\/\/www.enginyeriacivil.cat\/wp-content\/uploads\/2024\/05\/Perfil-EC-CAT_Azul_Wordpress.png","contentUrl":"https:\/\/www.enginyeriacivil.cat\/wp-content\/uploads\/2024\/05\/Perfil-EC-CAT_Azul_Wordpress.png","width":512,"height":512,"caption":"ECCAT"},"image":{"@id":"https:\/\/www.enginyeriacivil.cat\/#\/schema\/logo\/image\/"}},{"@type":"Person","@id":"https:\/\/www.enginyeriacivil.cat\/#\/schema\/person\/df9b425357f745fb70ec51da5f3cb72a","name":"Sandra","image":{"@type":"ImageObject","inLanguage":"es","@id":"https:\/\/www.enginyeriacivil.cat\/wp-content\/litespeed\/avatar\/4e898c3c675a2a481270ffcb48aa23f3.jpg?ver=1777461880","url":"https:\/\/www.enginyeriacivil.cat\/wp-content\/litespeed\/avatar\/4e898c3c675a2a481270ffcb48aa23f3.jpg?ver=1777461880","contentUrl":"https:\/\/www.enginyeriacivil.cat\/wp-content\/litespeed\/avatar\/4e898c3c675a2a481270ffcb48aa23f3.jpg?ver=1777461880","caption":"Sandra"},"url":"https:\/\/www.enginyeriacivil.cat\/es\/author\/editor\/"}]}},"_links":{"self":[{"href":"https:\/\/www.enginyeriacivil.cat\/es\/wp-json\/wp\/v2\/posts\/4153","targetHints":{"allow":["GET"]}}],"collection":[{"href":"https:\/\/www.enginyeriacivil.cat\/es\/wp-json\/wp\/v2\/posts"}],"about":[{"href":"https:\/\/www.enginyeriacivil.cat\/es\/wp-json\/wp\/v2\/types\/post"}],"author":[{"embeddable":true,"href":"https:\/\/www.enginyeriacivil.cat\/es\/wp-json\/wp\/v2\/users\/4"}],"replies":[{"embeddable":true,"href":"https:\/\/www.enginyeriacivil.cat\/es\/wp-json\/wp\/v2\/comments?post=4153"}],"version-history":[{"count":4,"href":"https:\/\/www.enginyeriacivil.cat\/es\/wp-json\/wp\/v2\/posts\/4153\/revisions"}],"predecessor-version":[{"id":4154,"href":"https:\/\/www.enginyeriacivil.cat\/es\/wp-json\/wp\/v2\/posts\/4153\/revisions\/4154"}],"wp:attachment":[{"href":"https:\/\/www.enginyeriacivil.cat\/es\/wp-json\/wp\/v2\/media?parent=4153"}],"wp:term":[{"taxonomy":"category","embeddable":true,"href":"https:\/\/www.enginyeriacivil.cat\/es\/wp-json\/wp\/v2\/categories?post=4153"},{"taxonomy":"post_tag","embeddable":true,"href":"https:\/\/www.enginyeriacivil.cat\/es\/wp-json\/wp\/v2\/tags?post=4153"}],"curies":[{"name":"wp","href":"https:\/\/api.w.org\/{rel}","templated":true}]}}